{"id":1036,"date":"2021-06-01T21:38:03","date_gmt":"2021-06-01T19:38:03","guid":{"rendered":"https:\/\/www.parrocchiabreganzona.ch\/?p=1036"},"modified":"2023-03-18T09:57:11","modified_gmt":"2023-03-18T08:57:11","slug":"festa-della-comunita","status":"archive","type":"post","link":"https:\/\/www.parrocchiabreganzona.ch\/index.php\/2021\/06\/01\/festa-della-comunita\/","title":{"rendered":"Festa della Comunit\u00e0"},"content":{"rendered":"\n<p>Ci stiamo avvicinando alla festa della comunit\u00e0 che avr\u00e0 luogo domenica 13 giugno alle ore 10.00 alla chiesa della Trasfigurazione.<br \/>La celebrazione sar\u00e0 presieduta da Don Emanuele Di Marco, direttore dell&#8217;Oratorio di Lugano.<\/p>\n<p>Visto l&#8217;allentamento delle restrizioni causate dal Covid, il numero dei fedeli in chiesa \u00e8 aumentato a 100 pi\u00f9 lettori, coristi e ministri.<\/p>\n\n\n\n<hr class=\"wp-block-separator\"\/>\n\n\n\n<p>Per maggiori informazioni, <a href=\"https:\/\/www.parrocchiabreganzona.ch\/wp-content\/uploads\/2021\/06\/festa_comunita_2021.pdf\" target=\"_blank\" rel=\"noopener\">consultare la locandina<\/a>.<\/p>\n","protected":false},"excerpt":{"rendered":"<p>Ci stiamo avvicinando alla festa della comunit\u00e0 che avr\u00e0 luogo domenica 13 giugno alle ore 10.00 alla chiesa della Trasfigurazione.La celebrazione sar\u00e0 presieduta da Don Emanuele Di Marco, direttore dell&#8217;Oratorio di Lugano. Visto l&#8217;allentamento delle restrizioni causate dal Covid, il &hellip; <a href=\"https:\/\/www.parrocchiabreganzona.ch\/index.php\/2021\/06\/01\/festa-della-comunita\/\">Continua<\/a><\/p>\n","protected":false},"author":1,"featured_media":1028,"comment_status":"closed","ping_status":"closed","sticky":false,"template":"","format":"standard","meta":{"kt_blocks_editor_width":"","footnotes":""},"categories":[2],"tags":[],"class_list":["post-1036","post","type-post","status-archive","format-standard","has-post-thumbnail","hentry","category-news"],"_links":{"self":[{"href":"https:\/\/www.parrocchiabreganzona.ch\/index.php\/wp-json\/wp\/v2\/posts\/1036","targetHints":{"allow":["GET"]}}],"collection":[{"href":"https:\/\/www.parrocchiabreganzona.ch\/index.php\/wp-json\/wp\/v2\/posts"}],"about":[{"href":"https:\/\/www.parrocchiabreganzona.ch\/index.php\/wp-json\/wp\/v2\/types\/post"}],"author":[{"embeddable":true,"href":"https:\/\/www.parrocchiabreganzona.ch\/index.php\/wp-json\/wp\/v2\/users\/1"}],"replies":[{"embeddable":true,"href":"https:\/\/www.parrocchiabreganzona.ch\/index.php\/wp-json\/wp\/v2\/comments?post=1036"}],"version-history":[{"count":1,"href":"https:\/\/www.parrocchiabreganzona.ch\/index.php\/wp-json\/wp\/v2\/posts\/1036\/revisions"}],"predecessor-version":[{"id":1037,"href":"https:\/\/www.parrocchiabreganzona.ch\/index.php\/wp-json\/wp\/v2\/posts\/1036\/revisions\/1037"}],"wp:featuredmedia":[{"embeddable":true,"href":"https:\/\/www.parrocchiabreganzona.ch\/index.php\/wp-json\/wp\/v2\/media\/1028"}],"wp:attachment":[{"href":"https:\/\/www.parrocchiabreganzona.ch\/index.php\/wp-json\/wp\/v2\/media?parent=1036"}],"wp:term":[{"taxonomy":"category","embeddable":true,"href":"https:\/\/www.parrocchiabreganzona.ch\/index.php\/wp-json\/wp\/v2\/categories?post=1036"},{"taxonomy":"post_tag","embeddable":true,"href":"https:\/\/www.parrocchiabreganzona.ch\/index.php\/wp-json\/wp\/v2\/tags?post=1036"}],"curies":[{"name":"wp","href":"https:\/\/api.w.org\/{rel}","templated":true}]}}