{"id":2431,"date":"2025-10-25T09:43:37","date_gmt":"2025-10-25T07:43:37","guid":{"rendered":"https:\/\/www.parrocchiabreganzona.ch\/?p=2431"},"modified":"2025-10-25T09:43:37","modified_gmt":"2025-10-25T07:43:37","slug":"preghiamo-per-la-pace","status":"publish","type":"post","link":"https:\/\/www.parrocchiabreganzona.ch\/index.php\/2025\/10\/25\/preghiamo-per-la-pace\/","title":{"rendered":"Preghiamo per la Pace"},"content":{"rendered":"\n<p>Cari cittadini,<\/p>\n<p>Da luned\u00ec 13 ottobre 2025 in parrocchia si svolger\u00e0 una <a href=\"https:\/\/www.parrocchiabreganzona.ch\/wp-content\/uploads\/2025\/10\/cammino_breganzona_2025.pdf\" target=\"_blank\" rel=\"noopener\">MISSIONE POPOLARE<\/a>.<\/p>\n<p>Prima tappa: Via Vergi\u00f2.<br \/>D&#8217;accordo con me due giovani busseranno alla vostra porta e se volete vi chiederanno solamente 2 minuti: il tempo per raccontarvi il loro incontro con il Dio della gioia.<br \/>Se vorrete, potrete accoglierli, e pregare con loro per la Pace.<\/p>\n<p>Un caro saluto,<br \/>Don Mario e la comunit\u00e0<\/p>\n","protected":false},"excerpt":{"rendered":"<p>Cari cittadini, Da luned\u00ec 13 ottobre 2025 in parrocchia si svolger\u00e0 una MISSIONE POPOLARE. Prima tappa: Via Vergi\u00f2.D&#8217;accordo con me due giovani busseranno alla vostra porta e se volete vi chiederanno solamente 2 minuti: il tempo per raccontarvi il loro &hellip; <a href=\"https:\/\/www.parrocchiabreganzona.ch\/index.php\/2025\/10\/25\/preghiamo-per-la-pace\/\">Continua<\/a><\/p>\n","protected":false},"author":1,"featured_media":2429,"comment_status":"closed","ping_status":"closed","sticky":false,"template":"","format":"standard","meta":{"kt_blocks_editor_width":"","footnotes":""},"categories":[2],"tags":[],"class_list":["post-2431","post","type-post","status-publish","format-standard","has-post-thumbnail","hentry","category-news"],"_links":{"self":[{"href":"https:\/\/www.parrocchiabreganzona.ch\/index.php\/wp-json\/wp\/v2\/posts\/2431","targetHints":{"allow":["GET"]}}],"collection":[{"href":"https:\/\/www.parrocchiabreganzona.ch\/index.php\/wp-json\/wp\/v2\/posts"}],"about":[{"href":"https:\/\/www.parrocchiabreganzona.ch\/index.php\/wp-json\/wp\/v2\/types\/post"}],"author":[{"embeddable":true,"href":"https:\/\/www.parrocchiabreganzona.ch\/index.php\/wp-json\/wp\/v2\/users\/1"}],"replies":[{"embeddable":true,"href":"https:\/\/www.parrocchiabreganzona.ch\/index.php\/wp-json\/wp\/v2\/comments?post=2431"}],"version-history":[{"count":1,"href":"https:\/\/www.parrocchiabreganzona.ch\/index.php\/wp-json\/wp\/v2\/posts\/2431\/revisions"}],"predecessor-version":[{"id":2432,"href":"https:\/\/www.parrocchiabreganzona.ch\/index.php\/wp-json\/wp\/v2\/posts\/2431\/revisions\/2432"}],"wp:featuredmedia":[{"embeddable":true,"href":"https:\/\/www.parrocchiabreganzona.ch\/index.php\/wp-json\/wp\/v2\/media\/2429"}],"wp:attachment":[{"href":"https:\/\/www.parrocchiabreganzona.ch\/index.php\/wp-json\/wp\/v2\/media?parent=2431"}],"wp:term":[{"taxonomy":"category","embeddable":true,"href":"https:\/\/www.parrocchiabreganzona.ch\/index.php\/wp-json\/wp\/v2\/categories?post=2431"},{"taxonomy":"post_tag","embeddable":true,"href":"https:\/\/www.parrocchiabreganzona.ch\/index.php\/wp-json\/wp\/v2\/tags?post=2431"}],"curies":[{"name":"wp","href":"https:\/\/api.w.org\/{rel}","templated":true}]}}